{"provider_url": "https://www.caxambu.mg.leg.br", "title": "Galeria 2025", "html": "<table class=\"invisible\">\r\n<tbody>\r\n<tr><th>\r\n<p style=\"text-align: center; \"><a title=\"\" href=\"https://www.caxambu.mg.leg.br/institucional/jornal-camara-aberta/2025/jornal-2025-pdf/janeiro-2025\" class=\"internal-link\" target=\"_blank\"><img src=\"https://www.caxambu.mg.leg.br/imagens/CAPAJANEIRO2025.png/@@images/ac51f8be-3bae-41ee-b847-02ade64f1ac8.png\" alt=\"\" class=\"image-inline\" title=\"\" /></a></p>\r\n<p style=\"text-align: center; \">\u00a0Jornal C\u00e2mara Aberta - Edi\u00e7\u00e3o Especial (Janeiro 2025)</p>\r\n<p style=\"text-align: center; \">Edi\u00e7\u00e3o n\u00ba 324 - Ano XXXI.</p>\r\n<p style=\"text-align: center; \">Destaques: Posse da Nova Legislatura 2025/2028, Elei\u00e7\u00e3o da Mesa Diretora,</p>\r\n<p style=\"text-align: center; \">Inaugura\u00e7\u00e3o da R\u00e1dio C\u00e2mara Francisco Sim\u00f5es.</p>\r\n</th><th>\r\n<p style=\"text-align: center; \"><a title=\"\" href=\"https://www.caxambu.mg.leg.br/institucional/jornal-camara-aberta/2025/jornal-2025-pdf/fevereiro-2025\" class=\"internal-link\" target=\"_blank\"><img src=\"https://www.caxambu.mg.leg.br/imagens/Fevereiro2025.png/@@images/e33fcdda-5de9-46ff-9f51-acb710a914e6.png\" alt=\"\" class=\"image-inline\" title=\"\" /></a></p>\r\n<p style=\"text-align: center; \">Jornal C\u00e2mara Aberta - Fevereiro 2025</p>\r\n<p style=\"text-align: center; \">Edi\u00e7\u00e3o n\u00ba 325 - Ano XXXI.</p>\r\n<p style=\"text-align: center; \">Destaques: Casas populares, Carnaval 2025, Reajuste dos professores.</p>\r\n<p style=\"text-align: center; \">\u00a0</p>\r\n</th><th>\r\n<p style=\"text-align: center; \"><a title=\"\" href=\"https://www.caxambu.mg.leg.br/institucional/jornal-camara-aberta/2025/jornal-2025-pdf/marco-2025\" class=\"internal-link\" target=\"_self\"><img src=\"https://www.caxambu.mg.leg.br/imagens/CAPAMARCO2025.png/@@images/5c654a14-22fb-41c0-885c-2efe55ce9a9c.png\" alt=\"\" class=\"image-inline\" title=\"\" /></a></p>\r\n<p style=\"text-align: center; \">Jornal C\u00e2mara Aberta - Mar\u00e7o 2025\u00a0<b data-path-to-node=\"2,0\" data-index-in-node=\"42\">Descri\u00e7\u00e3o:</b>\u00a0Edi\u00e7\u00e3o n\u00ba 326</p>\r\n<p style=\"text-align: center; \">Edi\u00e7\u00e3o n\u00ba 326 - Ano XXXI</p>\r\n<p style=\"text-align: center; \"><span data-path-to-node=\"2,2\">Destaques: Vereadores debatem Parque das \u00c1guas, Semana de Valoriza\u00e7\u00e3o da Mulher,</span></p>\r\n<p style=\"text-align: center; \"><span data-path-to-node=\"2,2\">Visita \u00e0 R\u00e1dio Legislativa de Pouso Alegre</span><span data-path-to-node=\"2,3\"><span class=\"superscript\" data-turn-source-index=\"1\"></span></span><span data-path-to-node=\"2,4\">.</span></p>\r\n</th></tr>\r\n<tr>\r\n<td style=\"text-align: center; \">\r\n<p><a title=\"\" href=\"https://www.caxambu.mg.leg.br/institucional/jornal-camara-aberta/2025/jornal-2025-pdf/abril-2025\" class=\"internal-link\" target=\"_self\"><img src=\"https://www.caxambu.mg.leg.br/imagens/CAPAABRIL2025.png/@@images/ef6f803c-889e-4543-ac5c-07c216be9ecc.png\" alt=\"\" class=\"image-inline\" title=\"\" /></a></p>\r\n<p><strong>Jornal C\u00e2mara Aberta - Abril 2025</strong></p>\r\n<p><strong>Edi\u00e7\u00e3o n\u00ba 327 - Ano XXXI.</strong></p>\r\n<p><strong><span data-path-to-node=\"3,2\">Destaques: Audi\u00eancia P\u00fablica para Mulheres, Abril Azul (Conscientiza\u00e7\u00e3o\u00a0</span></strong><strong><span data-path-to-node=\"3,2\">sobre Autismo),</span></strong></p>\r\n<p><strong><span data-path-to-node=\"3,2\"> 1\u00ba Encontro da Frente Parlamentar dos Munic\u00edpios</span><span data-path-to-node=\"3,3\"><span class=\"citation-43 citation-end-43\"><sup class=\"superscript\" data-turn-source-index=\"2\"></sup></span></span><span data-path-to-node=\"3,4\">.</span></strong></p>\r\n</td>\r\n<td style=\"text-align: center; \">\r\n<p><a title=\"\" href=\"https://www.caxambu.mg.leg.br/institucional/jornal-camara-aberta/2025/jornal-2025-pdf/maio-2025\" class=\"internal-link\" target=\"_blank\"><img src=\"https://www.caxambu.mg.leg.br/imagens/CAPAMAIO2025.png/@@images/bffd3428-4636-407d-9ec0-4e646e0e619b.png\" alt=\"\" class=\"image-inline\" title=\"\" /></a></p>\r\n<p><strong>Jornal C\u00e2mara Aberta - Maio 2025</strong></p>\r\n<p><strong><b data-path-to-node=\"4,0\" data-index-in-node=\"41\">Descri\u00e7\u00e3o:</b> Edi\u00e7\u00e3o n\u00ba 328 - Ano XXXI.</strong></p>\r\n<p><strong><span data-path-to-node=\"4,2\">Destaques: Simp\u00f3sio sobre Conscientiza\u00e7\u00e3o do Autismo, Novos\u00a0</span></strong></p>\r\n<p><strong><span data-path-to-node=\"4,2\"></span></strong><strong><span data-path-to-node=\"4,2\">projetos voltados \u00e0 sa\u00fade, 2\u00ba Encontro da Frente Parlamentar em Pouso Alegre.</span></strong></p>\r\n</td>\r\n<td style=\"text-align: center; \">\r\n<p><a title=\"\" href=\"https://www.caxambu.mg.leg.br/institucional/jornal-camara-aberta/2025/jornal-2025-pdf/junho-2025\" class=\"internal-link\" target=\"_blank\"><img src=\"https://www.caxambu.mg.leg.br/imagens/CAPAJUNHO2025.png/@@images/5f2ac0e6-d3a1-4546-8c02-c5800dfbc183.png\" alt=\"\" class=\"image-inline\" title=\"\" /></a></p>\r\n<p><strong>Jornal C\u00e2mara Aberta - Junho 2025</strong></p>\r\n<p><strong>Descri\u00e7\u00e3o: Edi\u00e7\u00e3o n\u00ba 329 - Ano XXXI.</strong></p>\r\n<p><strong><span data-path-to-node=\"5,2\">Destaques: 3\u00ba Encontro da Frente Parlamentar na ALMG, Audi\u00eancia sobre o Parque das</span></strong></p>\r\n<p><strong><span data-path-to-node=\"5,2\"> \u00c1guas, Projetos dos Vereadores aprovados em maio</span><span data-path-to-node=\"5,3\"><span class=\"citation-41 citation-end-41\"><sup class=\"superscript\" data-turn-source-index=\"4\"></sup></span></span><span data-path-to-node=\"5,4\">.</span></strong></p>\r\n</td>\r\n</tr>\r\n<tr>\r\n<td style=\"text-align: center; \">\r\n<p><a title=\"\" href=\"https://www.caxambu.mg.leg.br/institucional/jornal-camara-aberta/2025/jornal-2025-pdf/julho-2025\" class=\"internal-link\" target=\"_blank\"><img src=\"https://www.caxambu.mg.leg.br/imagens/CAPAJULHO2025.png/@@images/c9bada93-343f-4db8-a113-c2b9d706b5ff.png\" alt=\"\" class=\"image-inline\" title=\"\" /></a></p>\r\n<p><strong>\u00a0Jornal C\u00e2mara Aberta - Julho 2025</strong></p>\r\n<p><strong>Descri\u00e7\u00e3o:\u00a0Edi\u00e7\u00e3o n\u00ba 330 - Ano XXXI.</strong></p>\r\n<p><strong><span data-path-to-node=\"6,2\">Destaques: TV C\u00e2mara recebe nome de Farid Jos\u00e9 Curi,</span></strong></p>\r\n<p><strong><span data-path-to-node=\"6,2\">Audi\u00eancia P\u00fablica do Parque das \u00c1guas,</span></strong></p>\r\n<p><strong><span data-path-to-node=\"6,2\">Nova fase da R\u00e1dio C\u00e2mara Francisco Sim\u00f5es</span><span data-path-to-node=\"6,3\"><span class=\"superscript\" data-turn-source-index=\"5\"></span></span><span data-path-to-node=\"6,4\">.</span></strong></p>\r\n</td>\r\n<td style=\"text-align: center; \">\r\n<p><a title=\"\" href=\"https://www.caxambu.mg.leg.br/institucional/jornal-camara-aberta/2025/jornal-2025-pdf/agosto-2025\" class=\"internal-link\" target=\"_blank\"><img src=\"https://www.caxambu.mg.leg.br/imagens/CAPAAGOSTO2025.png/@@images/8f87fd6a-a07d-4670-af97-deea0c5538ed.png\" alt=\"\" class=\"image-inline\" title=\"\" /></a></p>\r\n<p><strong>Jornal C\u00e2mara Aberta - Agosto 2025</strong></p>\r\n<p><strong>Descri\u00e7\u00e3o:\u00a0Edi\u00e7\u00e3o n\u00ba 331 - Ano XXXI.</strong></p>\r\n<p><strong><span data-path-to-node=\"7,2\">Destaques: Busca de recursos em Bras\u00edlia, Combate \u00e0 viol\u00eancia contra a mulher</span></strong></p>\r\n<p><strong><span data-path-to-node=\"7,2\">(Agosto Lil\u00e1s), Agosto Dourado (Aleitamento materno).</span></strong><strong>\u00a0</strong></p>\r\n</td>\r\n<td style=\"text-align: center; \">\r\n<p><a title=\"\" href=\"https://www.caxambu.mg.leg.br/institucional/jornal-camara-aberta/2025/jornal-2025-pdf/setembro-2025\" class=\"internal-link\" target=\"_blank\"><img src=\"https://www.caxambu.mg.leg.br/imagens/CAPASETEMBRO2025.png/@@images/6bbae0d0-2b58-4d03-a216-726489c7bdeb.png\" alt=\"\" class=\"image-inline\" title=\"\" /></a></p>\r\n<p><strong>Jornal C\u00e2mara Aberta - Setembro 2025</strong></p>\r\n<p><strong>Descri\u00e7\u00e3o:\u00a0Edi\u00e7\u00e3o n\u00ba 332 - Ano XXXII.</strong></p>\r\n<p><strong><span data-path-to-node=\"8,2\">Destaques: Edi\u00e7\u00e3o Especial 32 anos do Jornal, Apresenta\u00e7\u00e3o do Parlamento Jovem,</span></strong></p>\r\n<p><strong><span data-path-to-node=\"8,2\">Exposi\u00e7\u00e3o Fotogr\u00e1fica dos 124 anos de Caxambu</span><span data-path-to-node=\"8,3\"><span class=\"superscript\" data-turn-source-index=\"7\"></span></span><span data-path-to-node=\"8,4\">.</span></strong></p>\r\n</td>\r\n</tr>\r\n<tr>\r\n<td style=\"text-align: center; \">\r\n<p><a title=\"\" href=\"https://www.caxambu.mg.leg.br/institucional/jornal-camara-aberta/2025/jornal-2025-pdf/outubro-2025\" class=\"internal-link\" target=\"_blank\"><img src=\"https://www.caxambu.mg.leg.br/imagens/CAPAOUTUBRO2025.png/@@images/33fcf9f9-d0c2-403b-bde8-39e4ceae4ff4.png\" alt=\"\" class=\"image-inline\" title=\"\" /></a></p>\r\n<p><strong> Jornal C\u00e2mara Aberta - Outubro 2025</strong></p>\r\n<p><strong>Descri\u00e7\u00e3o: Edi\u00e7\u00e3o n\u00ba 333 - Ano XXXII.</strong></p>\r\n<p><strong><span data-path-to-node=\"9,2\">Destaques: Posse dos estudantes no Parlamento Jovem, Tradicional Exposi\u00e7\u00e3o de Fotografias, Outubro Rosa</span><span data-path-to-node=\"9,3\"><span class=\"citation-37 citation-end-37\"><sup class=\"superscript\" data-turn-source-index=\"8\"></sup></span></span><span data-path-to-node=\"9,4\">.</span></strong></p>\r\n</td>\r\n<td style=\"text-align: center; \">\r\n<p><a title=\"\" href=\"https://www.caxambu.mg.leg.br/institucional/jornal-camara-aberta/2025/jornal-2025-pdf/novembro-2025\" class=\"internal-link\" target=\"_blank\"><img src=\"https://www.caxambu.mg.leg.br/imagens/CAPANOVEMBRO2025.png/@@images/67832c3f-475a-437f-9924-aa4d1ffdacfa.png\" alt=\"\" class=\"image-inline\" title=\"\" /></a></p>\r\n<p><strong>Jornal C\u00e2mara Aberta - Novembro 2025</strong></p>\r\n<p><strong>Descri\u00e7\u00e3o: Edi\u00e7\u00e3o n\u00ba 334 - Ano XXXII.</strong></p>\r\n<p><strong><span data-path-to-node=\"10,2\">Destaques: Novembro Azul, Aprova\u00e7\u00e3o do fim das charretes, Projeto de Lei de prote\u00e7\u00e3o a crian\u00e7as e adolescentes</span><span data-path-to-node=\"10,3\"><span class=\"citation-36 citation-end-36\"><sup class=\"superscript\" data-turn-source-index=\"9\"></sup></span></span><span data-path-to-node=\"10,4\">.</span></strong></p>\r\n</td>\r\n<td style=\"text-align: center; \">\r\n<p><a title=\"\" href=\"https://www.caxambu.mg.leg.br/institucional/jornal-camara-aberta/2025/jornal-2025-pdf/dezembro-2025\" class=\"internal-link\" target=\"_blank\"><img src=\"https://www.caxambu.mg.leg.br/imagens/CAPADEZEMBRO2025.png/@@images/5e85802b-986c-45ee-aafa-c92026c0f512.png\" alt=\"\" class=\"image-inline\" title=\"\" /></a></p>\r\n<p><strong>Jornal C\u00e2mara Aberta - Dezembro 2025</strong></p>\r\n<p><strong>Descri\u00e7\u00e3o: Edi\u00e7\u00e3o n\u00ba 335 - Ano XXXII.</strong></p>\r\n<p><strong><span data-path-to-node=\"11,2\">Destaques: Balan\u00e7o Legislativo de 2025, A\u00e7\u00f5es da Escola do Legislativo, Presta\u00e7\u00e3o de contas dos Vereadores</span><span data-path-to-node=\"11,3\"><span class=\"citation-35 citation-end-35\"><sup class=\"superscript\" data-turn-source-index=\"10\"></sup></span></span><span data-path-to-node=\"11,4\">.</span></strong></p>\r\n</td>\r\n</tr>\r\n</tbody>\r\n</table>", "author_name": "", "version": "1.0", "author_url": "https://www.caxambu.mg.leg.br/author/adm", "provider_name": "C\u00e2mara Municipal de Caxambu", "type": "rich"}